[{"@context":"https:\/\/schema.org\/","@type":"Article","@id":"https:\/\/www.alurex.cz\/vkusny-interier-vite-jak-na-to\/#Article","mainEntityOfPage":"https:\/\/www.alurex.cz\/vkusny-interier-vite-jak-na-to\/","headline":"Vkusn\u00fd interi\u00e9r. V\u00edte, jak na to?","name":"Vkusn\u00fd interi\u00e9r. V\u00edte, jak na to?","description":"Prostor, ve kter\u00e9m se budeme c\u00edtit dob\u0159e? Pro jednoho je to elegantn\u00ed interi\u00e9r s nejnov\u011bj\u0161\u00edmi vychyt\u00e1vkami a dopl\u0148ky pro jin\u00e9ho osobit\u00fd prostor, kter\u00fd v sob\u011b snoub\u00ed klasick\u00e9 prvky se vkusn\u00fdm ...","datePublished":"2020-02-10","dateModified":"2023-04-28","author":{"@type":"Person","@id":"https:\/\/www.alurex.cz\/author\/devene\/#Person","name":"alurex.cz","url":"https:\/\/www.alurex.cz\/author\/devene\/","identifier":1,"image":{"@type":"ImageObject","@id":"https:\/\/secure.gravatar.com\/avatar\/c3c8c755425dd2471c09c708679d7ce7419edeb32b4db4bfbe1377eb9462fa49?s=96&d=mm&r=g","url":"https:\/\/secure.gravatar.com\/avatar\/c3c8c755425dd2471c09c708679d7ce7419edeb32b4db4bfbe1377eb9462fa49?s=96&d=mm&r=g","height":96,"width":96}},"publisher":{"@type":"Organization","name":"alurex.cz","logo":{"@type":"ImageObject","@id":"\/logo.png","url":"\/logo.png","width":600,"height":60}},"image":{"@type":"ImageObject","@id":"https:\/\/www.alurex.cz\/wp-content\/uploads\/img_a375129_w1924_t1586946719.jpg","url":"https:\/\/www.alurex.cz\/wp-content\/uploads\/img_a375129_w1924_t1586946719.jpg","height":0,"width":0},"url":"https:\/\/www.alurex.cz\/vkusny-interier-vite-jak-na-to\/","about":["Slu\u017eby"],"wordCount":431,"articleBody":"       Prostor, ve kter\u00e9m se budeme c\u00edtit dob\u0159e? Pro jednoho je to elegantn\u00ed interi\u00e9r s nejnov\u011bj\u0161\u00edmi vychyt\u00e1vkami a dopl\u0148ky pro jin\u00e9ho osobit\u00fd prostor, kter\u00fd v sob\u011b snoub\u00ed klasick\u00e9 prvky se vkusn\u00fdm n\u00e1bytkem. Kvalita a dokonalost proveden\u00ed jsou hlavn\u00ed rysy, kter\u00e9 by n\u00e1s m\u011bli p\u0159i za\u0159izov\u00e1n\u00ed ur\u010dit\u00e9ho prostoru zaj\u00edmat. Barva? Vs\u00e1z\u00edme na sv\u011btl\u00e9 odst\u00edny V\u0161e za\u010d\u00edn\u00e1 u v\u00fdmalby zd\u00ed. N\u011bkdo d\u00e1v\u00e1 p\u0159ednost syt\u00fdm v\u00fdrazn\u00fdm barv\u00e1m, jin\u00fd nach\u00e1z\u00ed zal\u00edben\u00ed v jemn\u00fdch tlumen\u00fdch barv\u00e1ch. Interi\u00e9rov\u00fd designer praha rad\u00ed vsadit na tepl\u00e9 zemit\u00e9 odst\u00edny, kter\u00e9 pomohou celou m\u00edstnost z\u00fatulnit. Sv\u011btl\u00e9 barvy v m\u00edstnosti navozuj\u00ed pocit klidu a pohody a pr\u00e1v\u011b takov\u00e9 pocity chceme s p\u0159\u00edchodem dom\u016f poc\u00edtit. Volte odst\u00edny \u0161ed\u00e9, hn\u011bd\u00e9 a o\u0159\u00ed\u0161kov\u00e9. Celou m\u00edstnost m\u016f\u017eete ozvl\u00e1\u0161tnit vymalov\u00e1n\u00edm jedn\u00e9 st\u011bny v\u00fdrazn\u011bj\u0161\u00ed barvou, v\u017edy by ale m\u011bla korespondovat se sv\u011btlej\u0161\u00edmi st\u011bnami. Takov\u00e1 st\u011bna se po vymalov\u00e1n\u00ed stane dominantou m\u00edstnosti. Je tedy vhodn\u00e9 zvolit takovou, kter\u00e1 nedisponuje \u017e\u00e1dn\u00fdm oknem a nen\u00ed v bl\u00edzkosti n\u00ed t\u00e9m\u011b\u0159 \u017e\u00e1dn\u00fd n\u00e1bytek. K takto v\u00fdrazn\u00e9 st\u011bn\u011b volte nezvykl\u00fd solit\u00e9r nebo modern\u00ed sedac\u00ed soupravu. Dopl\u0148ky s puncem luxusu S dopl\u0148ky ve zlat\u00e9 barv\u011b se snad ned\u00e1 s\u00e1hnout vedle. Zlat\u00e1 barva je toti\u017e od nepam\u011bti symbolem luxusu a kvality. Ve v\u011bt\u0161in\u011b p\u0159\u00edpad\u016f se bude jednat pouze o pozlacen\u00e9 p\u0159edm\u011bty, ale pokud se v\u00e1m l\u00edb\u00ed, nebojte si jimi vyzdobit prostor. Celkov\u011b se skv\u011ble hod\u00ed kovov\u00fd lesk do modern\u00edch m\u00edstnost\u00ed a nemus\u00ed to b\u00fdt nutn\u011b jenom zlato, dob\u0159e p\u016fsob\u00ed i st\u0159\u00edbro nebo patina. Nikdy se ov\u0161em nehod\u00ed v jedn\u00e9 m\u00edstnosti m\u00edchat v\u00edce kov\u016f. Byt by mohl p\u016fsobit p\u0159epl\u00e1can\u00fdm dojmem a cel\u00e1 va\u0161e pr\u00e1ce by p\u0159i\u0161la vnive\u010d. I samotn\u00e9 osv\u011btlen\u00ed je skv\u011bl\u00fdm dopl\u0148kem, pokud je vybr\u00e1no s ohledem na prostor, do kter\u00e9ho m\u00e1 b\u00fdt um\u00edst\u011bno. Skv\u011bl\u00fdmi kousky jsou historick\u00e9 lustry nebo sv\u00edtidla z tmav\u00e9ho skla. Sv\u011btlo dok\u00e1\u017ee podtrhnout kr\u00e1su cel\u00e9ho prostoru, nezapom\u00ednejte proto na to a krom centr\u00e1ln\u00edho sv\u011btla po\u0159i\u010fte i stojac\u00ed lampy a lampi\u010dky, bodov\u00e1 sv\u011btla atd.                                                                                                                                                                                                                                                                                                                                                                                          4.4\/5 - (7 votes)        "},{"@context":"https:\/\/schema.org\/","@type":"BreadcrumbList","itemListElement":[{"@type":"ListItem","position":1,"name":"Vkusn\u00fd interi\u00e9r. V\u00edte, jak na to?","item":"https:\/\/www.alurex.cz\/vkusny-interier-vite-jak-na-to\/#breadcrumbitem"}]}]