[{"@context":"https:\/\/schema.org\/","@type":"Article","@id":"https:\/\/www.alurex.cz\/vareni-tak-jak-ma-byt\/#Article","mainEntityOfPage":"https:\/\/www.alurex.cz\/vareni-tak-jak-ma-byt\/","headline":"Va\u0159en\u00ed tak, jak m\u00e1 b\u00fdt","name":"Va\u0159en\u00ed tak, jak m\u00e1 b\u00fdt","description":"Je jasn\u00e9. \u017de dne\u0161n\u00ed usp\u011bchan\u00e1 doba v sob\u011b sk\u00fdt\u00e1 mnoh\u00e1 poku\u0161en\u00ed, jak tr\u00e1vit voln\u00fd \u010das, kter\u00e9ho m\u00e1me ostatn\u011b st\u00e1le m\u00e9n\u011b a m\u00e9n\u011b. Pro takov\u00e9 \u010dinnosti, jako je va\u0159en\u00ed u\u017e v\u011bt\u0161ina ...","datePublished":"2024-12-10","dateModified":"2024-12-10","author":{"@type":"Person","@id":"https:\/\/www.alurex.cz\/author\/devene\/#Person","name":"alurex.cz","url":"https:\/\/www.alurex.cz\/author\/devene\/","identifier":1,"image":{"@type":"ImageObject","@id":"https:\/\/secure.gravatar.com\/avatar\/c3c8c755425dd2471c09c708679d7ce7419edeb32b4db4bfbe1377eb9462fa49?s=96&d=mm&r=g","url":"https:\/\/secure.gravatar.com\/avatar\/c3c8c755425dd2471c09c708679d7ce7419edeb32b4db4bfbe1377eb9462fa49?s=96&d=mm&r=g","height":96,"width":96}},"publisher":{"@type":"Organization","name":"alurex.cz","logo":{"@type":"ImageObject","@id":"\/logo.png","url":"\/logo.png","width":600,"height":60}},"url":"https:\/\/www.alurex.cz\/vareni-tak-jak-ma-byt\/","wordCount":174,"articleBody":"Je jasn\u00e9. \u017de dne\u0161n\u00ed usp\u011bchan\u00e1 doba v sob\u011b sk\u00fdt\u00e1 mnoh\u00e1 poku\u0161en\u00ed, jak tr\u00e1vit voln\u00fd \u010das, kter\u00e9ho m\u00e1me ostatn\u011b st\u00e1le m\u00e9n\u011b a m\u00e9n\u011b. Pro takov\u00e9 \u010dinnosti, jako je va\u0159en\u00ed u\u017e v\u011bt\u0161ina z n\u00e1s nen\u00ed ochotn\u00e1 investovat v\u00edce \u010dasu, ne\u017e je skute\u010dn\u011b nutn\u00e9. To ale naznamen\u00e1, \u017ee byste neradi tr\u00e1vili \u010das ve va\u0161\u00ed nov\u00e9 rustik\u00e1ln\u00ed kuchyni, kterou jste si od n\u00e1s po\u0159\u00eddili. Proto\u017ee v\u00edte, \u017ee jste ud\u011blali velmi v\u00fdhodn\u00fd n\u00e1kup a hned si i vysv\u011btl\u00edme, pro\u010d. Va\u0159te s fortelem Nebojte se, nebudeme to vysv\u011btlovat v\u00e1m, kte\u0159\u00ed ji ji\u017e m\u00e1te, ale t\u011bm, kte\u0159\u00ed o n\u00ed teprve uva\u017euj\u00ed. Pou\u017eit\u00ed byteln\u00fdch, odoln\u00fdch a p\u0159itom vzhledov\u011b velmi p\u0159\u00edjemn\u00fdch materi\u00e1l\u016f v\u00e1m zajist\u00ed, \u017ee budete v tomto interi\u00e9ru tr\u00e1vit \u010das o pozn\u00e1n\u00ed rad\u011bji, ne\u017e d\u0159\u00edve, kdy jste je\u0161t\u011b va\u0159ili v nevhodn\u00fdch prostor\u00e1ch.                                                                                                                                                                                                                                                                                                                                                                                                "},{"@context":"https:\/\/schema.org\/","@type":"BreadcrumbList","itemListElement":[{"@type":"ListItem","position":1,"name":"Va\u0159en\u00ed tak, jak m\u00e1 b\u00fdt","item":"https:\/\/www.alurex.cz\/vareni-tak-jak-ma-byt\/#breadcrumbitem"}]}]