[{"@context":"https:\/\/schema.org\/","@type":"Article","@id":"https:\/\/www.alurex.cz\/pronajem-vozidla\/#Article","mainEntityOfPage":"https:\/\/www.alurex.cz\/pronajem-vozidla\/","headline":"Pron\u00e1jem vozidla","name":"Pron\u00e1jem vozidla","description":"Na\u0161e autop\u016fj\u010dovna m\u00e1 rozs\u00e1hlou p\u016fsobnost a to po cel\u00e9 \u010cesk\u00e9 republice. Jsme opravdu nejlevn\u011bj\u0161\u00ed, ale slu\u017eby v\u00e1m poskytneme na nejvy\u0161\u0161\u00ed \u00farovni. K dispozici jsme z\u00e1kazn\u00edk\u016f nonstop, po cel\u00fd rok, i ...","datePublished":"2024-12-30","dateModified":"2024-12-30","author":{"@type":"Person","@id":"https:\/\/www.alurex.cz\/author\/devene\/#Person","name":"alurex.cz","url":"https:\/\/www.alurex.cz\/author\/devene\/","identifier":1,"image":{"@type":"ImageObject","@id":"https:\/\/secure.gravatar.com\/avatar\/c3c8c755425dd2471c09c708679d7ce7419edeb32b4db4bfbe1377eb9462fa49?s=96&d=mm&r=g","url":"https:\/\/secure.gravatar.com\/avatar\/c3c8c755425dd2471c09c708679d7ce7419edeb32b4db4bfbe1377eb9462fa49?s=96&d=mm&r=g","height":96,"width":96}},"publisher":{"@type":"Organization","name":"alurex.cz","logo":{"@type":"ImageObject","@id":"\/logo.png","url":"\/logo.png","width":600,"height":60}},"url":"https:\/\/www.alurex.cz\/pronajem-vozidla\/","wordCount":168,"articleBody":"Na\u0161e autop\u016fj\u010dovna m\u00e1 rozs\u00e1hlou p\u016fsobnost a to po cel\u00e9 \u010cesk\u00e9 republice. Jsme opravdu nejlevn\u011bj\u0161\u00ed, ale slu\u017eby v\u00e1m poskytneme na nejvy\u0161\u0161\u00ed \u00farovni. K dispozici jsme z\u00e1kazn\u00edk\u016f nonstop, po cel\u00fd rok, i o sv\u00e1tc\u00edch a v\u00edkendech. Autop\u016fj\u010dovna v\u00e1m bude \u00fa\u010dtovat sazbu za zap\u016fj\u010den\u00ed automobilu od okam\u017eiku, kdy na\u0161e vozidlo opust\u00ed m\u00edsto zap\u016fj\u010den\u00ed. Pron\u00e1jem vozidla skon\u010d\u00ed tehdy, kdy\u017e je v\u016fz vr\u00e1cen. Sazba se po\u010d\u00edt\u00e1 na 24 hodin, proto mus\u00ed b\u00fdt automobil vr\u00e1cen do stejn\u00e9 denn\u00ed hodiny, v jakou byl zap\u016fj\u010den. Jinak by se za\u010dal \u00fa\u010dtovat dal\u0161\u00ed den z\u00e1p\u016fj\u010dky. Po\u017eadovan\u00e1 vratn\u00e1 kauce Po\u017eadujeme od z\u00e1kazn\u00edk\u016f vratnou kauci, kter\u00e1 je ve v\u00fd\u0161 2000 a\u017e 5000 K\u010d, podle kategorie vozu. Na\u0161e autop\u016fj\u010dovna v \u017e\u00e1dn\u00e9m p\u0159\u00edpad\u011b nem\u00e1 vozidla polepena jakoukoliv reklamou, tud\u00ed\u017e nejde poznat, \u017ee se jedn\u00e1 o zap\u016fj\u010den\u00e9 vozidlo.                                                                                                                                                                                                                                                                                                                                                                                        4\/5 - (2 votes)        "},{"@context":"https:\/\/schema.org\/","@type":"BreadcrumbList","itemListElement":[{"@type":"ListItem","position":1,"name":"Pron\u00e1jem vozidla","item":"https:\/\/www.alurex.cz\/pronajem-vozidla\/#breadcrumbitem"}]}]