[{"@context":"https:\/\/schema.org\/","@type":"Article","@id":"https:\/\/www.alurex.cz\/prepychove-kadere-to-je-zaklad\/#Article","mainEntityOfPage":"https:\/\/www.alurex.cz\/prepychove-kadere-to-je-zaklad\/","headline":"P\u0159epychov\u00e9 kade\u0159e \u2013 to je z\u00e1klad","name":"P\u0159epychov\u00e9 kade\u0159e \u2013 to je z\u00e1klad","description":"Chcete se py\u0161nit p\u0159epychov\u00fdmi kade\u0159emi? \u017de postr\u00e1d\u00e1te takovou strukturu h\u0159\u00edvy, kter\u00e1 by v\u00e1m tento nenapln\u011bn\u00fd dlouholet\u00fd sen spl\u0148ovala? Tak potom \u010dtete tyto \u0159\u00e1dky ve spr\u00e1vn\u00fd \u010das a na spr\u00e1vn\u00e9m m\u00edst\u011b! ...","datePublished":"2024-12-03","dateModified":"2024-12-03","author":{"@type":"Person","@id":"https:\/\/www.alurex.cz\/author\/devene\/#Person","name":"alurex.cz","url":"https:\/\/www.alurex.cz\/author\/devene\/","identifier":1,"image":{"@type":"ImageObject","@id":"https:\/\/secure.gravatar.com\/avatar\/c3c8c755425dd2471c09c708679d7ce7419edeb32b4db4bfbe1377eb9462fa49?s=96&d=mm&r=g","url":"https:\/\/secure.gravatar.com\/avatar\/c3c8c755425dd2471c09c708679d7ce7419edeb32b4db4bfbe1377eb9462fa49?s=96&d=mm&r=g","height":96,"width":96}},"publisher":{"@type":"Organization","name":"alurex.cz","logo":{"@type":"ImageObject","@id":"\/logo.png","url":"\/logo.png","width":600,"height":60}},"url":"https:\/\/www.alurex.cz\/prepychove-kadere-to-je-zaklad\/","wordCount":169,"articleBody":" Chcete se py\u0161nit p\u0159epychov\u00fdmi kade\u0159emi? \u017de postr\u00e1d\u00e1te takovou strukturu h\u0159\u00edvy, kter\u00e1 by v\u00e1m tento nenapln\u011bn\u00fd dlouholet\u00fd sen spl\u0148ovala? Tak potom \u010dtete tyto \u0159\u00e1dky ve spr\u00e1vn\u00fd \u010das a na spr\u00e1vn\u00e9m m\u00edst\u011b! Proto\u017ee nyn\u00ed si sv\u016fj dlouholet\u00fd a nenapln\u011bn\u00fd sen m\u016f\u017eete kone\u010dn\u011b splnit! Na\u0161et\u0159ete si pen\u00edzky na prodlu\u017eov\u00e1n\u00ed vlas\u016f v Praze! Ned\u011bl\u00e1te to jen pro mu\u017ee a pro va\u0161e okol\u00ed, ale d\u011bl\u00e1te to p\u0159edev\u0161\u00edm pro svoje sebev\u011bdom\u00ed! U\u017e nebudete cht\u00edt pou\u017e\u00edvat \u010depice, \u0161\u00e1tky \u010di stahovat kade\u0159e do gumi\u010dky! Te\u010f u\u017e je budete cht\u00edt nosit p\u0159ekr\u00e1sn\u011b rozevl\u00e1t\u00e9! Zajist\u00edme takovou barvi\u010dku, jakou chcete Na\u0161e kade\u0159e na prodlu\u017eov\u00e1n\u00ed vlas\u016f v Praze jsou vysoce kvalitn\u00edm produktem. Z\u00e1kladem jsou pochopiteln\u011b ty evropsk\u00e9! Konec \u0159\u00eddk\u00fdm a jemn\u00fdm kade\u0159\u00edm, kter\u00e9 sami od sebe nezhoustnou!                                                                                                                                                                                                                                                                                                                                                                                        4.5\/5 - (4 votes)        "},{"@context":"https:\/\/schema.org\/","@type":"BreadcrumbList","itemListElement":[{"@type":"ListItem","position":1,"name":"P\u0159epychov\u00e9 kade\u0159e \u2013 to je z\u00e1klad","item":"https:\/\/www.alurex.cz\/prepychove-kadere-to-je-zaklad\/#breadcrumbitem"}]}]