[{"@context":"https:\/\/schema.org\/","@type":"Article","@id":"https:\/\/www.alurex.cz\/prakticke-brany-a-vrata\/#Article","mainEntityOfPage":"https:\/\/www.alurex.cz\/prakticke-brany-a-vrata\/","headline":"Praktick\u00e9 br\u00e1ny a vrata","name":"Praktick\u00e9 br\u00e1ny a vrata","description":"U\u017e m\u011b opravdu nebavilo poslouchat to, \u017ee mi m\u016fj partner st\u00e1le dokola opakoval, \u017ee u\u017e by pot\u0159eboval novou gar\u00e1\u017e, \u017ee pr\u00fd si ji chce vylep\u0161it. J\u00e1 jsem si pr\u00fd minul\u00fd ...","datePublished":"2025-11-13","dateModified":"2025-11-13","author":{"@type":"Person","@id":"https:\/\/www.alurex.cz\/author\/devene\/#Person","name":"alurex.cz","url":"https:\/\/www.alurex.cz\/author\/devene\/","identifier":1,"image":{"@type":"ImageObject","@id":"https:\/\/secure.gravatar.com\/avatar\/c3c8c755425dd2471c09c708679d7ce7419edeb32b4db4bfbe1377eb9462fa49?s=96&d=mm&r=g","url":"https:\/\/secure.gravatar.com\/avatar\/c3c8c755425dd2471c09c708679d7ce7419edeb32b4db4bfbe1377eb9462fa49?s=96&d=mm&r=g","height":96,"width":96}},"publisher":{"@type":"Organization","name":"alurex.cz","logo":{"@type":"ImageObject","@id":"\/logo.png","url":"\/logo.png","width":600,"height":60}},"image":{"@type":"ImageObject","@id":"https:\/\/www.alurex.cz\/wp-content\/uploads\/smart-home-3574545_640.jpg","url":"https:\/\/www.alurex.cz\/wp-content\/uploads\/smart-home-3574545_640.jpg","height":0,"width":0},"url":"https:\/\/www.alurex.cz\/prakticke-brany-a-vrata\/","about":["Produkty"],"wordCount":429,"articleBody":"   U\u017e m\u011b opravdu nebavilo poslouchat to, \u017ee mi m\u016fj partner st\u00e1le dokola opakoval, \u017ee u\u017e by pot\u0159eboval novou gar\u00e1\u017e, \u017ee pr\u00fd si ji chce vylep\u0161it. J\u00e1 jsem si pr\u00fd minul\u00fd rok ud\u011blala opravdu kr\u00e1snou kuchyni a tak\u00e9 lo\u017enici a on \u0159\u00edkal, \u017ee nyn\u00ed je na \u0159ad\u011b on. A sice ano, u\u017e jsem mu n\u011bkolikr\u00e1t slibovala, \u017ee klidn\u011b m\u016f\u017eeme zainvestovat do gar\u00e1\u017ee, proto\u017ee m\u016fj partner si bude p\u0159\u00ed\u0161t\u00ed rok kupovat nov\u00e9 auto a tak chce m\u00edt opravdu v\u0161echno tip \u0165op, chce m\u00edt v\u0161echno opravdu kr\u00e1sn\u011b ud\u011blan\u00e9. A proto jsem partnerovi tak\u00e9 nab\u00eddla, jestli bychom si u\u017e nepo\u0159\u00eddili n\u011bco kvalitn\u011bj\u0161\u00edho a co je v\u00edce praktick\u00e9, jako nap\u0159\u00edklad pohon na gar\u00e1\u017eov\u00e1 vrata, proto\u017ee si mysl\u00edm, \u017ee pohon na gar\u00e1\u017eov\u00e1 vrata bude opravdu to nejlep\u0161\u00ed, proto\u017ee je to velice praktick\u00e9. Nav\u00edc tohle m\u00e1 moje sestra a dokonce i m\u016fj bratr.Oni u\u017e bydl\u00ed ka\u017ed\u00fd se svou rodinou a oba dva maj\u00ed pr\u00e1v\u011b pohon na gar\u00e1\u017eov\u00e1 vrata nebo i na jin\u00e1 vrata a dve\u0159e a sami \u0159\u00edkaj\u00ed, \u017ee nic lep\u0161\u00edho si po\u0159\u00eddit nemohli, \u017ee je to velice praktick\u00e9 a \u017ee pr\u00fd jim to vyhovuje a \u017ee jsou r\u00e1di, \u017ee do toho zainvestovali. Sice ano, tak\u00e9 mus\u00edm zm\u00ednit, \u017ee to nen\u00ed nejlevn\u011bj\u0161\u00ed z\u00e1le\u017eitost, \u017ee do toho se bude investovat docela dost pen\u011bz. Jenom\u017ee kdy\u017e potom zjist\u00edte, jak je to praktick\u00e9 a \u017ee se to lehce udr\u017euje, proto\u017ee se taky o tom mus\u00edte n\u011bjak starat, tak zjist\u00edte, \u017ee opravdu jste ud\u011blali dob\u0159e.A samoz\u0159ejm\u011b, \u017ee pokud nem\u00e1te na to pen\u00edze, tak se nemus\u00edte b\u00e1t. Nav\u00edc tady je opravdu skv\u011bl\u00e9, \u017ee tady je do\u017eivotn\u00ed servis, a pokud na to opravdu nem\u00e1te pen\u00edze, tak si klidn\u011b m\u016f\u017eete p\u016fj\u010dit od n\u011bkoho z rodiny nebo si vz\u00edt n\u011bjakou p\u016fj\u010dku. My s partnerem si taky na to budeme br\u00e1t p\u016fj\u010dku, proto\u017ee v\u00edme, \u017ee se n\u00e1m to vyplat\u00ed a \u017ee opravdu toho nebudeme litovat. A dob\u0159e investovan\u00e9 pen\u00edze do bydlen\u00ed se vyplat\u00ed v\u017edy. Elektrick\u00e9 br\u00e1ny a vrata altoma.cz jsou opravdu na vzestupu a jsou velice obl\u00edben\u00e9, proto\u017ee elektrick\u00e9 br\u00e1ny a vrata jsou praktick\u00e9 a vy s nimi u\u0161et\u0159\u00edte spoustu \u010dasu.                                                                                                                                                                                                                                                                                                                                                                                           5\/5 - (1 vote)        "},{"@context":"https:\/\/schema.org\/","@type":"BreadcrumbList","itemListElement":[{"@type":"ListItem","position":1,"name":"Praktick\u00e9 br\u00e1ny a vrata","item":"https:\/\/www.alurex.cz\/prakticke-brany-a-vrata\/#breadcrumbitem"}]}]