[{"@context":"https:\/\/schema.org\/","@type":"Article","@id":"https:\/\/www.alurex.cz\/peri-vas-ochrani-pred-zimou\/#Article","mainEntityOfPage":"https:\/\/www.alurex.cz\/peri-vas-ochrani-pred-zimou\/","headline":"Pe\u0159\u00ed v\u00e1s ochr\u00e1n\u00ed p\u0159ed zimou","name":"Pe\u0159\u00ed v\u00e1s ochr\u00e1n\u00ed p\u0159ed zimou","description":"Na kvalitu p\u00e9\u0159ov\u00fdch v\u00fdrobk\u016f m\u00e1 pochopiteln\u011b vliv pe\u0159\u00ed, kter\u00e9 je do nich pou\u017e\u00edv\u00e1no. Pe\u0159\u00ed na pta\u010d\u00edm t\u011ble nevyr\u016fst\u00e1 v\u0161ude stejn\u00e9. Je rozd\u011bleno v podstat\u011b podle funkce, pro kterou je ur\u010deno. ...","datePublished":"2021-01-23","dateModified":"2023-10-16","author":{"@type":"Person","@id":"https:\/\/www.alurex.cz\/author\/devene\/#Person","name":"alurex.cz","url":"https:\/\/www.alurex.cz\/author\/devene\/","identifier":1,"image":{"@type":"ImageObject","@id":"https:\/\/secure.gravatar.com\/avatar\/c3c8c755425dd2471c09c708679d7ce7419edeb32b4db4bfbe1377eb9462fa49?s=96&d=mm&r=g","url":"https:\/\/secure.gravatar.com\/avatar\/c3c8c755425dd2471c09c708679d7ce7419edeb32b4db4bfbe1377eb9462fa49?s=96&d=mm&r=g","height":96,"width":96}},"publisher":{"@type":"Organization","name":"alurex.cz","logo":{"@type":"ImageObject","@id":"\/logo.png","url":"\/logo.png","width":600,"height":60}},"image":{"@type":"ImageObject","@id":"https:\/\/www.alurex.cz\/wp-content\/uploads\/lo%C5%BEn%C3%AD%20komplety_wN95Or.jpg","url":"https:\/\/www.alurex.cz\/wp-content\/uploads\/lo%C5%BEn%C3%AD%20komplety_wN95Or.jpg","height":0,"width":0},"url":"https:\/\/www.alurex.cz\/peri-vas-ochrani-pred-zimou\/","about":["Produkty"],"wordCount":420,"articleBody":"          Na kvalitu p\u00e9\u0159ov\u00fdch v\u00fdrobk\u016f m\u00e1 pochopiteln\u011b vliv pe\u0159\u00ed, kter\u00e9 je do nich pou\u017e\u00edv\u00e1no. Pe\u0159\u00ed na pta\u010d\u00edm t\u011ble nevyr\u016fst\u00e1 v\u0161ude stejn\u00e9. Je rozd\u011bleno v podstat\u011b podle funkce, pro kterou je ur\u010deno. Rozd\u00edlnou kvalitu bychom mohli naj\u00edt u pt\u00e1k\u016f stejn\u00e9ho druhu. Jin\u00e9 pe\u0159\u00ed bude m\u00edt husa, kter\u00e1 \u017eije v tepl\u00e9m prost\u0159ed\u00ed a jin\u00e9 nach\u00e1z\u00edme u pt\u00e1k\u016f \u017eij\u00edc\u00edch v chladn\u00fdch podm\u00ednk\u00e1ch. P\u0159\u00edroda tyto pt\u00e1ky vybavila nejen hust\u0161\u00edm, ale tak\u00e9 v\u011bt\u0161\u00edm a siln\u011bj\u0161\u00edm pe\u0159\u00edm. \u00b7 Dal\u0161\u00edm pozn\u00e1vac\u00edm znakem hus z chladn\u00fdch oblast\u00ed, je hustota takzvan\u00e9ho prachov\u00e9ho pe\u0159\u00ed, kter\u00e9 se nach\u00e1z\u00ed na hrudn\u00edku pt\u00e1k\u016f. \u00b7 Slou\u017e\u00ed p\u0159edev\u0161\u00edm jako izolant poskytuj\u00edc\u00ed dostate\u010dnou tepelnou ochranu.  Pta\u010d\u00ed pe\u0159\u00ed m\u00e1 tedy t\u0159i z\u00e1kladn\u00ed funkce. 1) Umo\u017e\u0148uje pt\u00e1k\u016fm l\u00e9tat. 2) Chr\u00e1n\u00ed je p\u0159ed poran\u011bn\u00edm. 3) Chr\u00e1n\u00ed je p\u0159ed zimou. A pr\u00e1v\u011b posledn\u00ed vlastnost je z\u00e1sadn\u00ed p\u0159i vyu\u017eit\u00ed do klasick\u00fdch pe\u0159in.  Pe\u0159ina pat\u0159\u00ed hlavn\u011b na chalupu P\u00e9\u0159ov\u00e9 p\u0159ikr\u00fdvky a p\u00e9\u0159ov\u00e9 pol\u0161t\u00e1\u0159e jsou pln\u011bn\u00e9 jemn\u00fdm hus\u00edm pe\u0159\u00edm, kter\u00e9 je v men\u0161\u00edm procentu dopln\u011bn\u00e9 prachov\u00fdm hus\u00edm pe\u0159\u00edm. Je tak\u00e9 mo\u017en\u00e9 zvolit si pe\u0159inu, jej\u00ed\u017e vnit\u0159n\u00ed n\u00e1pl\u0148 je tvo\u0159ena pouze prachov\u00fdm hus\u00edm pe\u0159\u00edm. V tomto p\u0159\u00edpad\u011b se jedn\u00e1 o nejvy\u0161\u0161\u00ed kvalitu a tyto v\u00fdrobky jsou pova\u017eov\u00e1ny za luxusn\u00ed. P\u00e9\u0159ov\u00e9 komplety jsou skv\u011blou volbou na\u0159\u00edkat do v\u00edkendov\u00e9 chalupy \u010di chaty. \u00a7 Podle zku\u0161enost\u00ed na\u0161ich p\u0159edk\u016f je dobr\u00e9 nechat je po n\u011bjak\u00fd \u010das vymrznout na jarn\u00edm slun\u00ed\u010dku. \u00a7 Po t\u00e9to procedu\u0159e jsou velice p\u0159\u00edjemn\u00e9 a kr\u00e1sn\u011b provon\u011bl\u00e9.  Kdy se za\u010dalo pe\u0159\u00ed do p\u0159ikr\u00fdvek pou\u017e\u00edvat, se u\u017e asi p\u0159esn\u011b nedozv\u00edme, ale jist\u00e9 je, \u017ee tu s n\u00e1mi budou p\u00e9\u0159ov\u00e9 produkty je\u0161t\u011b dlouhou dobu.Zat\u00edm se toti\u017e nena\u0161el \u017e\u00e1dn\u00fd synteticky vyr\u00e1b\u011bn\u00fd materi\u00e1l, kter\u00fd by vlastnosti pe\u0159\u00ed p\u0159ed\u010dil. Alergick\u00fdch reakc\u00ed se u\u017e ob\u00e1vat nemus\u00edte. Pe\u0159\u00ed proch\u00e1z\u00ed sterilizac\u00ed, kter\u00e1 spolehliv\u011b zni\u010d\u00ed ve\u0161ker\u00e9 z\u00e1rodky ne\u017e\u00e1douc\u00edch mikroorganism\u016f. T\u00edm p\u00e1dem jsou pe\u0159iny i pol\u0161t\u00e1\u0159e naprosto bezpe\u010dn\u00e9 pro ka\u017ed\u00e9ho.                                                                                                                                                                                                                                                                                                                                                                                           4\/5 - (3 votes)        "},{"@context":"https:\/\/schema.org\/","@type":"BreadcrumbList","itemListElement":[{"@type":"ListItem","position":1,"name":"Pe\u0159\u00ed v\u00e1s ochr\u00e1n\u00ed p\u0159ed zimou","item":"https:\/\/www.alurex.cz\/peri-vas-ochrani-pred-zimou\/#breadcrumbitem"}]}]