[{"@context":"https:\/\/schema.org\/","@type":"Article","@id":"https:\/\/www.alurex.cz\/o-emu-destinnovou-zprvu-v-cechach-nestali\/#Article","mainEntityOfPage":"https:\/\/www.alurex.cz\/o-emu-destinnovou-zprvu-v-cechach-nestali\/","headline":"O Emu Destinnovou zprvu v \u010cech\u00e1ch nest\u00e1li","name":"O Emu Destinnovou zprvu v \u010cech\u00e1ch nest\u00e1li","description":"A\u010dkoliv se n\u00e1m m\u016f\u017ee zd\u00e1t, \u017ee sl\u00e1va a \u00fasp\u011bch p\u0159in\u00e1\u0161ej\u00ed v\u017edy \u0161t\u011bst\u00ed, b\u00fdv\u00e1 tomu i naopak. V\u011bt\u0161inou maj\u00ed ale lid\u00e9, kte\u0159\u00ed jsou n\u011b\u010d\u00edm v\u00fdjime\u010dn\u00ed, i v\u00fdjime\u010dn\u00fd \u017eivot. \u017divot na\u0161\u00ed nejslavn\u011bj\u0161\u00ed ...","datePublished":"2025-03-07","dateModified":"2023-04-28","author":{"@type":"Person","@id":"https:\/\/www.alurex.cz\/author\/devene\/#Person","name":"alurex.cz","url":"https:\/\/www.alurex.cz\/author\/devene\/","identifier":1,"image":{"@type":"ImageObject","@id":"https:\/\/secure.gravatar.com\/avatar\/c3c8c755425dd2471c09c708679d7ce7419edeb32b4db4bfbe1377eb9462fa49?s=96&d=mm&r=g","url":"https:\/\/secure.gravatar.com\/avatar\/c3c8c755425dd2471c09c708679d7ce7419edeb32b4db4bfbe1377eb9462fa49?s=96&d=mm&r=g","height":96,"width":96}},"publisher":{"@type":"Organization","name":"alurex.cz","logo":{"@type":"ImageObject","@id":"\/logo.png","url":"\/logo.png","width":600,"height":60}},"image":{"@type":"ImageObject","@id":"https:\/\/www.alurex.cz\/wp-content\/uploads\/img_a297600_w1924_t1508011189.jpg","url":"https:\/\/www.alurex.cz\/wp-content\/uploads\/img_a297600_w1924_t1508011189.jpg","height":0,"width":0},"url":"https:\/\/www.alurex.cz\/o-emu-destinnovou-zprvu-v-cechach-nestali\/","about":["\u017deny"],"wordCount":408,"articleBody":"A\u010dkoliv se n\u00e1m m\u016f\u017ee zd\u00e1t, \u017ee sl\u00e1va a \u00fasp\u011bch p\u0159in\u00e1\u0161ej\u00ed v\u017edy \u0161t\u011bst\u00ed, b\u00fdv\u00e1 tomu i naopak. V\u011bt\u0161inou maj\u00ed ale lid\u00e9, kte\u0159\u00ed jsou n\u011b\u010d\u00edm v\u00fdjime\u010dn\u00ed, i v\u00fdjime\u010dn\u00fd \u017eivot. \u017divot na\u0161\u00ed nejslavn\u011bj\u0161\u00ed opern\u00ed p\u011bvkyn\u011b Emy Destinnov\u00e9 byl jako na t\u00e9 pomysln\u00e9 houpa\u010dce. Na po\u010d\u00e1tku jej\u00edho \u017eivota to vypadalo, \u017ee ji \u0161t\u011bst\u00ed opustit ani nem\u016f\u017ee.\u00b7\u00a0\u00a0\u00a0\u00a0\u00a0\u00a0\u00a0 Jej\u00ed otec, podnikatel Emanuel Kittl, byl osv\u00edcen\u00fd \u010dlov\u011bk, kter\u00fd podporoval mlad\u00e9 um\u011blce.\u00b7\u00a0\u00a0\u00a0\u00a0\u00a0\u00a0\u00a0 Kdy\u017e poznal talent u sv\u00e9 dcery, na jej\u00edm um\u011bleck\u00e9m vzd\u011bl\u00e1n\u00ed ne\u0161et\u0159il.Jako prvn\u00ed j\u00ed p\u0159ijdou do cesty housle. U\u017e v osmi letech m\u00e1 sv\u016fj prvn\u00ed koncert. Krom\u011b hudebn\u00edho nad\u00e1n\u00ed, m\u00e1 i smysl pro literaturu a kreslen\u00ed. Na hodiny herectv\u00ed doch\u00e1z\u00ed k tehdej\u0161\u00ed ikon\u011b divadeln\u00edho um\u011bn\u00ed \u2013 Ot\u00fdlii Sklen\u00e1\u0159ov\u00e9 Mal\u00e9. Na hodiny zp\u011bvu k Marii Destinnov\u00e9 L\u00f6welov\u00e9, b\u00fdval\u00e9 s\u00f3listce v\u00edde\u0148sk\u00e9 opery. Z \u00facty k n\u00ed si Ema m\u011bn\u00ed p\u0159\u00edjmen\u00ed.\tM\u00edsto anga\u017em\u00e1 jen ur\u00e1\u017ekyNad\u0161en\u00e1 Ema je p\u0159esv\u011bd\u010dena, \u017ee u\u017e j\u00ed nic nebr\u00e1n\u00ed ve vstupu do zlat\u00e9 kapli\u010dky. Zabr\u00e1nil j\u00ed v tom s\u00e1m \u0159editel, kter\u00fd j\u00ed doporu\u010dil studen\u00e9 sprchy na uklidn\u011bn\u00ed. A to je\u0161t\u011b netu\u0161ila, \u017ee podobn\u00e1 koupel ji \u010dek\u00e1 je\u0161t\u011b jedna.&#8211;\u00a0\u00a0\u00a0\u00a0\u00a0\u00a0\u00a0\u00a0 Druh\u00fd pokus uskute\u010dn\u00ed v Dr\u00e1\u017e\u010fanech.&#8211;\u00a0\u00a0\u00a0\u00a0\u00a0\u00a0\u00a0\u00a0 Tady se zd\u00e1 veden\u00ed divadla dokonce netalentovan\u00e1 a pro jevi\u0161t\u011b p\u0159\u00edli\u0161 o\u0161kliv\u00e1.\u010clov\u011bk by si mohl myslet, \u017ee po takov\u00fdch zku\u0161enostech bude sebev\u011bdom\u00ed mlad\u00e9 \u017eeny natolik ot\u0159eseno, \u017ee u\u017e rad\u011bji nic dal\u0161\u00edho zkou\u0161et nebude. Ema byla ale tvrdohlav\u00e1 a odjela zkusit sv\u00e9 \u0161t\u011bst\u00ed do t\u0159etice do Berl\u00edna. \u00b7\u00a0\u00a0\u00a0\u00a0\u00a0\u00a0\u00a0 Publikum Dvorn\u00ed opery aplauduje ve stoje.\u00b7\u00a0\u00a0\u00a0\u00a0\u00a0\u00a0\u00a0 Destinnov\u00e1 kone\u010dn\u011b dost\u00e1v\u00e1 smlouvu.Pot\u00e9 p\u0159ich\u00e1zej\u00ed dal\u0161\u00ed sv\u011btov\u00e9 \u00fasp\u011bchy.&#8211;\u00a0\u00a0\u00a0\u00a0\u00a0\u00a0\u00a0\u00a0 Lond\u00fdnsk\u00e1 sc\u00e9na Covent Garden \u2013 tam se seznamuje se slavn\u00fdm Enrikem Carusem.&#8211;\u00a0\u00a0\u00a0\u00a0\u00a0\u00a0\u00a0\u00a0 A dal\u0161\u00ed sv\u011btov\u00e1 opern\u00ed jevi\u0161t\u011b.Na \u00fasp\u011bch ve sv\u00e9 domovin\u011b si musela po\u010dkat a\u017e do sv\u00fdch \u010dty\u0159iceti let. Soukrom\u00fd \u017eivot se j\u00ed p\u0159\u00edli\u0161 nevyvedl. Vypad\u00e1 to, \u017ee tu pomyslnou kapi\u010dku \u0161t\u011bst\u00ed Ema vypl\u00fdtvala na sv\u00e9 sv\u011btov\u00e9 opern\u00ed \u00fasp\u011bchy. Um\u00edr\u00e1 zklaman\u00e1 a bezd\u011btn\u00e1 v pouh\u00fdch dvaapades\u00e1ti letech.                                                                                                                                                                                                                                                                                                                                                                                        3.8\/5 - (5 votes)        "},{"@context":"https:\/\/schema.org\/","@type":"BreadcrumbList","itemListElement":[{"@type":"ListItem","position":1,"name":"O Emu Destinnovou zprvu v \u010cech\u00e1ch nest\u00e1li","item":"https:\/\/www.alurex.cz\/o-emu-destinnovou-zprvu-v-cechach-nestali\/#breadcrumbitem"}]}]