[{"@context":"https:\/\/schema.org\/","@type":"Article","@id":"https:\/\/www.alurex.cz\/komercializace-vanoc\/#Article","mainEntityOfPage":"https:\/\/www.alurex.cz\/komercializace-vanoc\/","headline":"Komercializace V\u00e1noc","name":"Komercializace V\u00e1noc","description":"Ka\u017ed\u00fdm rokem \u010d\u00edm d\u00e1l v\u00edce lp\u00edme na t\u011bch tradic\u00edch a k\u0159es\u0165ansk\u00fdch hodnot\u00e1ch, poj\u010fme si tedy p\u0159ipomenout, jak by tedy ty V\u00e1noce vypadat m\u011bly a jak vypadaj\u00ed. v\u00e1m uk\u00e1\u017ee n\u011bjak\u00e9 zvyky ...","datePublished":"2018-09-19","dateModified":"2023-04-28","author":{"@type":"Person","@id":"https:\/\/www.alurex.cz\/author\/devene\/#Person","name":"alurex.cz","url":"https:\/\/www.alurex.cz\/author\/devene\/","identifier":1,"image":{"@type":"ImageObject","@id":"https:\/\/secure.gravatar.com\/avatar\/c3c8c755425dd2471c09c708679d7ce7419edeb32b4db4bfbe1377eb9462fa49?s=96&d=mm&r=g","url":"https:\/\/secure.gravatar.com\/avatar\/c3c8c755425dd2471c09c708679d7ce7419edeb32b4db4bfbe1377eb9462fa49?s=96&d=mm&r=g","height":96,"width":96}},"publisher":{"@type":"Organization","name":"alurex.cz","logo":{"@type":"ImageObject","@id":"\/logo.png","url":"\/logo.png","width":600,"height":60}},"image":{"@type":"ImageObject","@id":"https:\/\/www.alurex.cz\/wp-content\/uploads\/img_a324117_w1924_t1535833287.jpg","url":"https:\/\/www.alurex.cz\/wp-content\/uploads\/img_a324117_w1924_t1535833287.jpg","height":0,"width":0},"url":"https:\/\/www.alurex.cz\/komercializace-vanoc\/","about":["Produkty"],"wordCount":492,"articleBody":"Ka\u017ed\u00fdm rokem \u010d\u00edm d\u00e1l v\u00edce lp\u00edme na t\u011bch tradic\u00edch a k\u0159es\u0165ansk\u00fdch hodnot\u00e1ch, poj\u010fme si tedy p\u0159ipomenout, jak by tedy ty V\u00e1noce vypadat m\u011bly a jak vypadaj\u00ed.  v\u00e1m uk\u00e1\u017ee n\u011bjak\u00e9 zvyky a oby\u010deje, kter\u00e9 se tak trochu vytratily z \u010desk\u00fdch dom\u00e1cnost\u00ed.   A) Velk\u00e9 dary x \u0161t\u011bdrost S V\u00e1nocemi si spojujeme hlavn\u011b \u010das d\u00e1rk\u016f. M\u00edt V\u00e1noce bez d\u00e1rk\u016f, to je jako p\u00edt pivo a nenad\u00e1vat p\u0159itom na Kalouska \u2013 to prost\u011b nejde. Nalijme si proto \u010dist\u00e9ho v\u00edna. Kdo chce m\u00edt po\u0159\u00e1dn\u00e9 V\u00e1noce, ten mus\u00ed m\u00edt pod strome\u010dkem minim\u00e1ln\u011b novou televizi a b\u011bda, jak tam nebude n\u011bco moc p\u011bkn\u00e9ho, co hned druh\u00fd den vyhod\u00edme. N\u011bjak\u00e1 slova o st\u0159\u00eddmosti, \u0161t\u011bdrosti, duchovn\u00edch z\u00e1\u017eitc\u00edch? Nebo snad alespo\u0148 o \u0160t\u011bdr\u00e9m dnu p\u0159isp\u011bt na charitu \u010di ty \u010desk\u00e9 seniory? No tak to teda v\u016fbec ne. Darovat p\u0159eci znamen\u00e1 darovat jedin\u011b d\u00e1rky sv\u00fdm bl\u00edzk\u00fdm, abyste m\u011bli zase na rok pokoj. Nebo obdarovat partnera d\u00e1rkem, kter\u00fd jsme sami cht\u011bli.   B) Tradi\u010dn\u00ed zvyky x tradi\u010dn\u00ed sledov\u00e1n\u00ed televize V\u00e1no\u010dn\u00ed m\u0161e, modlitba, n\u011bjak\u00e9 ty koledy, lit\u00ed olova, p\u0159\u00edjemn\u00fd \u010das str\u00e1ven\u00fd s rodinou. To v\u0161echno zn\u00ed kr\u00e1sn\u011b. Jenom kdybychom skute\u010dn\u011b byli k\u0159es\u0165an\u00e9, um\u011bli n\u011bjakou modlitbu, znali n\u011bjak\u00e9 koledy, v\u011bd\u011bli, \u017ee se d\u00e1 olovo l\u00edt jinam ne\u017e na skl\u00e1dku a mo\u017en\u00e1, kdybychom se nepokou\u0161eli rozh\u00e1dat je\u0161t\u011b p\u0159ed ve\u010de\u0159\u00ed, mohli bychom m\u00edt p\u0159esn\u011b takov\u00e9 V\u00e1noce. Ale tr\u00e1vit \u010das spolu, to je dneska p\u0159\u00edli\u0161. Lep\u0161\u00ed jsou rad\u011bji ty poh\u00e1dky v televizi. Je klid a nikdo neru\u0161\u00ed od toho sv\u00e1te\u010dn\u00edho klidu, \u017ee ano.  Nen\u00ed t\u0159eba si n\u011bjak nalh\u00e1vat. Ty prav\u00e9 V\u00e1noce jsou skute\u010dn\u011b o n\u011b\u010dem jin\u00e9m ne\u017e o tom, \u017ee se v\u0161ichni p\u0159ecpou. By\u0165 n\u00e1s o tom p\u0159ev\u00e1\u017en\u011b pou\u010duj\u00ed reklamy v televizi a v\u00e1no\u010dn\u00ed filmy, n\u011bkdy bychom m\u011bli za\u017e\u00edt i jin\u00e9 V\u00e1noce. Zkuste se zaj\u00edt pod\u00edvat do m\u011bsta. Nav\u0161tivte n\u011bkoho jin\u00e9ho. Uvid\u00edte, \u017ee se v\u00fdznam V\u00e1noc drasticky zm\u011bn\u00ed po zku\u0161enosti, kdy dop\u0159ejete V\u00e1noce i n\u011bkomu, kdo by je jinak nejrad\u011bji p\u0159e\u0161el. Jak se \u0159\u00edk\u00e1: \u201eNikdo by nem\u011bl b\u00fdt o V\u00e1noc\u00edch s\u00e1m\u201c. \u010casto je nutn\u00e9 p\u0159esko\u010dit jak\u00fdsi ostych a mo\u017en\u00e1 i trochu kur\u00e1\u017ee, ale budete m\u00edt mnohem lep\u0161\u00ed pocit ne\u017e u televize a p\u0159i rozbalov\u00e1n\u00ed d\u00e1rk\u016f, kter\u00e9 jste ani necht\u011bli.                                                                                                                                                                                                                                                                                                                                                                                         4.1\/5 - (7 votes)        "},{"@context":"https:\/\/schema.org\/","@type":"BreadcrumbList","itemListElement":[{"@type":"ListItem","position":1,"name":"Komercializace V\u00e1noc","item":"https:\/\/www.alurex.cz\/komercializace-vanoc\/#breadcrumbitem"}]}]