[{"@context":"https:\/\/schema.org\/","@type":"Article","@id":"https:\/\/www.alurex.cz\/kdyz-uz-nam-neni-dvacet\/#Article","mainEntityOfPage":"https:\/\/www.alurex.cz\/kdyz-uz-nam-neni-dvacet\/","headline":"Kdy\u017e u\u017e n\u00e1m nen\u00ed dvacet","name":"Kdy\u017e u\u017e n\u00e1m nen\u00ed dvacet","description":"Pt\u00e1t se, kter\u00e1 \u017eena by necht\u011bla vypadat st\u00e1le mlad\u011b, by asi nem\u011blo p\u0159\u00edli\u0161 velk\u00fd smysl. Alespo\u0148 j\u00e1 \u017e\u00e1dnou takovou, kter\u00e1 by po tom netou\u017eila, nezn\u00e1m. Jen\u017ee n\u011bkter\u00e9 \u017eeny d\u011blaj\u00ed chyby, ...","datePublished":"2025-03-05","dateModified":"2023-04-28","author":{"@type":"Person","@id":"https:\/\/www.alurex.cz\/author\/devene\/#Person","name":"alurex.cz","url":"https:\/\/www.alurex.cz\/author\/devene\/","identifier":1,"image":{"@type":"ImageObject","@id":"https:\/\/secure.gravatar.com\/avatar\/c3c8c755425dd2471c09c708679d7ce7419edeb32b4db4bfbe1377eb9462fa49?s=96&d=mm&r=g","url":"https:\/\/secure.gravatar.com\/avatar\/c3c8c755425dd2471c09c708679d7ce7419edeb32b4db4bfbe1377eb9462fa49?s=96&d=mm&r=g","height":96,"width":96}},"publisher":{"@type":"Organization","name":"alurex.cz","logo":{"@type":"ImageObject","@id":"\/logo.png","url":"\/logo.png","width":600,"height":60}},"image":{"@type":"ImageObject","@id":"https:\/\/www.alurex.cz\/wp-content\/uploads\/img_a311100_w1924_t1522052478.jpg","url":"https:\/\/www.alurex.cz\/wp-content\/uploads\/img_a311100_w1924_t1522052478.jpg","height":0,"width":0},"url":"https:\/\/www.alurex.cz\/kdyz-uz-nam-neni-dvacet\/","about":["\u017deny"],"wordCount":415,"articleBody":"Pt\u00e1t se, kter\u00e1 \u017eena by necht\u011bla vypadat st\u00e1le mlad\u011b, by asi nem\u011blo p\u0159\u00edli\u0161 velk\u00fd smysl. Alespo\u0148 j\u00e1 \u017e\u00e1dnou takovou, kter\u00e1 by po tom netou\u017eila, nezn\u00e1m. Jen\u017ee n\u011bkter\u00e9 \u017eeny d\u011blaj\u00ed chyby, kter\u00e9 jim p\u00e1r let p\u0159id\u00e1vaj\u00ed. Zkuste se nad t\u00edm zamyslet, mil\u00e9 d\u00e1my. T\u0159eba si tak\u00e9 nev\u011bdomky n\u011bjak\u00fd ten m\u011bs\u00edc sem tam p\u0159ihod\u00edte. Jedn\u00edm z nehezk\u00fdch zvyk\u016f je oh\u00fdb\u00e1n\u00ed zad. Jakmile se za\u010dnete hrbit, pak si zad\u011bl\u00e1v\u00e1te na t\u0159i probl\u00e9my.1)\u00a0\u00a0\u00a0 Budou v\u00e1s co nevid\u011bt z\u00e1da bolet.2)\u00a0\u00a0\u00a0 Pokud m\u00e1te men\u0161\u00ed postavu, pak se opticky je\u0161t\u011b o trochu zmen\u0161\u00edte.3)\u00a0\u00a0\u00a0 T\u00edm, \u017ee takto upozorn\u00edte na sv\u00e9 b\u0159icho, budete vypadat nejen siln\u011bj\u0161\u00ed, ale tak\u00e9 star\u0161\u00ed.V posledn\u00ed dob\u011b se st\u00e1v\u00e1 modern\u00edm styl retro. Pokud v\u00e1m u\u017e ale nen\u00ed dvacet, pak s t\u00edm opatrn\u011b. Mohla byste p\u016fsobit sp\u00ed\u0161e tak, \u017ee u\u017e si t\u0159icet let nem\u011bn\u00edte \u0161atn\u00edk.\u00b7\u00a0\u00a0\u00a0\u00a0\u00a0\u00a0\u00a0\u00a0 U\u017e slavn\u00e1 Coco Chanel tvrdila, \u017ee do spole\u010dnosti jsou u d\u00e1my vrcholem elegance \u010dern\u00e9 \u0161aty.\u010cern\u00e1 m\u016f\u017ee p\u016fsobit elegantn\u011b, ale jen do ur\u010dit\u00e9ho data narozen\u00ed. Star\u0161\u00ed \u017eeny vypadaj\u00ed v \u010dern\u00e9 p\u0159\u00edli\u0161 usedle a v\u00e1\u017en\u011b. Pokud si po\u0159\u00edd\u00edte \u010dernou halenku, pak m\u00e1te t\u00e9m\u011b\u0159 jistotu, \u017ee budete vypadat o p\u011bt let star\u0161\u00ed. TUD\u00cd\u017d \u2013 SUKN\u011a ANO, HALENKA NE. Pro d\u00e1my po \u010dty\u0159ic\u00edtce se nejl\u00e9pe hod\u00ed t\u011blov\u00e1 b\u00e9\u017eov\u00e1 anebo jin\u00e9 sv\u011btl\u00e9 barvy. To sam\u00e9 plat\u00ed i o vlasech. Tmav\u00e9 p\u0159elivy p\u0159id\u00e1vaj\u00ed l\u00e9ta.\t\u00dasm\u011bv prozrad\u00ed mnohoKrom\u011b m\u00f3dn\u00edch vychyt\u00e1vek by m\u011bly \u017eeny myslet i na n\u011bkter\u00e9 projevy, d\u00edky kter\u00fdm budou vypadat sympaticky a p\u0159\u00edjemn\u011b. T\u00edm nejjednodu\u0161\u0161\u00edm projevem je v tomto sm\u011bru oby\u010dejn\u00fd \u00fasm\u011bv. Ne\u017e ale pot\u011b\u0161\u00edte okol\u00ed t\u00edm, \u017ee se na n\u011bj mile zazub\u00edte, ud\u011blejte to sam\u00e9 nejprve sama na sebe v zrcadle. Jestli\u017ee jste milovnic\u00ed k\u00e1vy nebo \u010derven\u00e9ho v\u00edna, mohly by va\u0161e zuby m\u00edt nehezk\u00e9 zabarven\u00ed. Investice do vyb\u011blen\u00ed zub\u016f se tedy ur\u010dit\u011b vyplat\u00ed. Krom\u011b toho by m\u011blo b\u00fdt samoz\u0159ejmost\u00ed pou\u017e\u00edv\u00e1n\u00ed dent\u00e1ln\u00edch nit\u00ed, mezizubn\u00edch kart\u00e1\u010dk\u016f a pochopiteln\u011b pravideln\u00e1 n\u00e1v\u0161t\u011bva dent\u00e1ln\u00ed hygieny.                                                                                                                                                                                                                                                                                                                                                                                        5\/5 - (3 votes)        "},{"@context":"https:\/\/schema.org\/","@type":"BreadcrumbList","itemListElement":[{"@type":"ListItem","position":1,"name":"Kdy\u017e u\u017e n\u00e1m nen\u00ed dvacet","item":"https:\/\/www.alurex.cz\/kdyz-uz-nam-neni-dvacet\/#breadcrumbitem"}]}]