[{"@context":"https:\/\/schema.org\/","@type":"Article","@id":"https:\/\/www.alurex.cz\/kdy-do-duchodu\/#Article","mainEntityOfPage":"https:\/\/www.alurex.cz\/kdy-do-duchodu\/","headline":"Kdy do d\u016fchodu","name":"Kdy do d\u016fchodu","description":"Nenechte se odb\u00fdt nejistou nep\u0159\u00edjemnou \u00fa\u0159ednice. M\u00e1te pr\u00e1vo v\u011bd\u011bt v\u0161e o tom, kdy do d\u016fchoduj\u00edt, abyste na tom byli co nejv\u00fdhodn\u011bji, jak\u00e9 mo\u017enosti konkr\u00e9tn\u011b ve va\u0161\u00ed \u017eivotn\u00ed situaci jsou a ...","datePublished":"2025-01-19","dateModified":"2025-01-19","author":{"@type":"Person","@id":"https:\/\/www.alurex.cz\/author\/devene\/#Person","name":"alurex.cz","url":"https:\/\/www.alurex.cz\/author\/devene\/","identifier":1,"image":{"@type":"ImageObject","@id":"https:\/\/secure.gravatar.com\/avatar\/c3c8c755425dd2471c09c708679d7ce7419edeb32b4db4bfbe1377eb9462fa49?s=96&d=mm&r=g","url":"https:\/\/secure.gravatar.com\/avatar\/c3c8c755425dd2471c09c708679d7ce7419edeb32b4db4bfbe1377eb9462fa49?s=96&d=mm&r=g","height":96,"width":96}},"publisher":{"@type":"Organization","name":"alurex.cz","logo":{"@type":"ImageObject","@id":"\/logo.png","url":"\/logo.png","width":600,"height":60}},"url":"https:\/\/www.alurex.cz\/kdy-do-duchodu\/","wordCount":177,"articleBody":" Nenechte se odb\u00fdt nejistou nep\u0159\u00edjemnou \u00fa\u0159ednice. M\u00e1te pr\u00e1vo v\u011bd\u011bt v\u0161e o tom, kdy do d\u016fchoduj\u00edt, abyste na tom byli co nejv\u00fdhodn\u011bji, jak\u00e9 mo\u017enosti konkr\u00e9tn\u011b ve va\u0161\u00ed \u017eivotn\u00ed situaci jsou a jak je m\u016f\u017eete vyu\u017e\u00edt. V\u017edy\u0165 jste pracovali cel\u00fd \u017eivot a \u0159\u00e1dn\u011b si v\u0161e platili, tak pro\u010d se te\u010f omezovat? Od toho jsme tady ji\u017e n\u011bkolik let my a n\u00e1\u0161 zku\u0161en\u00fd t\u00fdm odborn\u00edk\u016f, kte\u0159\u00ed se zam\u011b\u0159\u00ed p\u0159\u00edmo na va\u0161e individu\u00e1ln\u00ed pot\u0159eby. Nebudete se tak muset o nic starat. Jen n\u00e1m dolo\u017e\u00edte pot\u0159ebn\u00e9 materi\u00e1ly a my v\u00e1m vypracujeme ve\u0161ker\u00e9 alternativy d\u016fchodov\u00e1 kalkula\u010dka jak se v dan\u00e9 chv\u00edli zachovat. Rychl\u00e9 a kvalitn\u00ed \u0159e\u0161en\u00ed Jist\u011b ocen\u00edte rychlost na\u0161ich slu\u017eeb i kvalitn\u00ed profesion\u00e1ln\u00ed zpracov\u00e1n\u00ed. Rozhodnut\u00ed kdy do d\u016fchodu starobn\u00edho, invalidn\u00edho, nebo zda j\u00edt nap\u0159\u00edklad p\u0159ed\u010dasn\u011b, bude z\u00e1le\u017eet pouze na v\u00e1s.                                                                                                                                                                                                                                                                                                                                                                                        3\/5 - (1 vote)        "},{"@context":"https:\/\/schema.org\/","@type":"BreadcrumbList","itemListElement":[{"@type":"ListItem","position":1,"name":"Kdy do d\u016fchodu","item":"https:\/\/www.alurex.cz\/kdy-do-duchodu\/#breadcrumbitem"}]}]