[{"@context":"https:\/\/schema.org\/","@type":"Article","@id":"https:\/\/www.alurex.cz\/co-prinese-laver-cup\/#Article","mainEntityOfPage":"https:\/\/www.alurex.cz\/co-prinese-laver-cup\/","headline":"Co p\u0159inese Laver Cup","name":"Co p\u0159inese Laver Cup","description":"O\u010dek\u00e1vejme tu nejnap\u00ednav\u011bj\u0161\u00ed pod\u00edvanou! Za Laver Cupem stoj\u00ed po\u0159adatel Roger Federer, kter\u00fd douf\u00e1, \u017ee akce bude d\u016fstojn\u00e1 a stane se neopom\u00edjenou tradic\u00ed. Apeluje na hr\u00e1\u010de, aby Laver Cup nebrali jako ...","datePublished":"2025-03-03","dateModified":"2023-04-28","author":{"@type":"Person","@id":"https:\/\/www.alurex.cz\/author\/devene\/#Person","name":"alurex.cz","url":"https:\/\/www.alurex.cz\/author\/devene\/","identifier":1,"image":{"@type":"ImageObject","@id":"https:\/\/secure.gravatar.com\/avatar\/c3c8c755425dd2471c09c708679d7ce7419edeb32b4db4bfbe1377eb9462fa49?s=96&d=mm&r=g","url":"https:\/\/secure.gravatar.com\/avatar\/c3c8c755425dd2471c09c708679d7ce7419edeb32b4db4bfbe1377eb9462fa49?s=96&d=mm&r=g","height":96,"width":96}},"publisher":{"@type":"Organization","name":"alurex.cz","logo":{"@type":"ImageObject","@id":"\/logo.png","url":"\/logo.png","width":600,"height":60}},"image":{"@type":"ImageObject","@id":"https:\/\/www.alurex.cz\/wp-content\/uploads\/img_a294605_w2012_t1506457775.jpg","url":"https:\/\/www.alurex.cz\/wp-content\/uploads\/img_a294605_w2012_t1506457775.jpg","height":0,"width":0},"url":"https:\/\/www.alurex.cz\/co-prinese-laver-cup\/","about":["Sport"],"wordCount":398,"articleBody":"\tO\u010dek\u00e1vejme tu nejnap\u00ednav\u011bj\u0161\u00ed pod\u00edvanou! Za Laver Cupem stoj\u00ed po\u0159adatel Roger Federer, kter\u00fd douf\u00e1, \u017ee akce bude d\u016fstojn\u00e1 a stane se neopom\u00edjenou tradic\u00ed. Apeluje na hr\u00e1\u010de, aby Laver Cup nebrali jako exhibici. Z\u00a0Federerov\u00fdch \u00fast zazn\u011blo, \u017ee se postar\u00e1 o to, aby v\u0161e prob\u00edhalo tak, jak m\u00e1.\t\tCo je to Laver CupLaver cup je tenisovou sout\u011b\u017e\u00ed kde proti sob\u011b hraj\u00ed dva mu\u017esk\u00e9, \u0161esti\u010dlenn\u00e9 t\u00fdmy. Tato akce se bude konat ka\u017ed\u00fd rok po\u010d\u00ednaje rokem 2017. V\u00fdjimkou budou roky, kdy bude prob\u00edhat letn\u00ed olympi\u00e1da. V\u00a0t\u00e9to sout\u011b\u017ei se mezi sebou utkaj\u00ed nejlep\u0161\u00ed hr\u00e1\u010di tenisu z\u00a0cel\u00e9ho sv\u011bta. Sout\u011b\u017e nese n\u00e1zev po australsk\u00e9m tenisov\u00e9m hr\u00e1\u010di Rogeru Laverovi. Ten byl jako jedin\u00fd, kdo vyhr\u00e1l kalend\u00e1\u0159n\u00ed Grand Slam dvakr\u00e1t. T\u00fdmy budou dva \u2013 jeden za Evropy, druh\u00fd za sv\u011bt. \u00davodn\u00ed ro\u010dn\u00edk propukne mezi 22. \u2013 24. z\u00e1\u0159\u00edm 2017 v\u00a0pra\u017esk\u00e9 O2 ar\u00e9n\u011b. Hr\u00e1\u010di za v\u00edt\u011bzstv\u00ed nedost\u00e1vaj\u00ed startovn\u00e9, n\u00fdbr\u017e finan\u010dn\u00ed odm\u011bnu. Ka\u017ed\u00e9mu z\u00a0t\u00fdm\u016f vel\u00ed kapit\u00e1n, kter\u00fd se s\u00e1m sout\u011b\u017ee nez\u00fa\u010dastn\u00ed. Kapit\u00e1ni jsou vybr\u00e1ni na dva roky. Presti\u017ei Laver Cupu neubere ani to, \u017ee je to pr\u00e1v\u011b Federer, kter\u00fd stoj\u00ed v\u00a0jeho \u010dele.\tJak\u00e9 jsou p\u0159edstavy Federera?Roger Federer douf\u00e1, \u017ee se na Laver Cup bude pohl\u00ed\u017eet jako na Ryder Cup, kter\u00fd se zam\u011b\u0159uje na golf. P\u0159eje si, aby se Laver Cup stal presti\u017en\u00ed z\u00e1le\u017eitost\u00ed. Aby se jeho p\u0159\u00e1n\u00ed splnila, je pot\u0159eba co nejv\u011bt\u0161\u00ed zastoupen\u00ed a \u00fasil\u00ed od hr\u00e1\u010d\u016f samotn\u00fdch. Samoz\u0159ejm\u011b ka\u017ed\u00fd z hr\u00e1\u010d\u016f chce podat co nejlep\u0161\u00ed v\u00fdkon, uk\u00e1zat, co v\u00a0n\u011bm je, tak\u017ee se Federerova o\u010dek\u00e1v\u00e1n\u00ed napln\u00ed. Federer v\u011b\u0159\u00ed, \u017ee bude panovat bojovn\u00e1 atmosf\u00e9ra.Federer si mysl\u00ed, \u017ee se na sv\u011btozn\u00e1m\u00e9 legendy tenisu dostate\u010dn\u011b nemysl\u00ed. Nap\u0159\u00edklad i na samotn\u00e9ho Lavera, po kter\u00e9m je turnaj pojmenov\u00e1n, je skoro zapomenut\u00fdm.Tour bude koncipov\u00e1na tak, aby tenist\u00e9 nepoci\u0165ovali takov\u00fd tlak, kolik z\u00e1pas\u016f mus\u00ed zahr\u00e1t. Nab\u00edz\u00ed se jim prostor a dostatek \u010dasu. Federer tak\u00e9 zm\u00ednil, \u017ee se ji\u017e dlouho odhodl\u00e1v\u00e1 k\u00a0ukon\u010den\u00ed sv\u00e9 kari\u00e9ry                                                                                                                                                                                                                                                                                                                                                                                        3.6\/5 - (8 votes)        "},{"@context":"https:\/\/schema.org\/","@type":"BreadcrumbList","itemListElement":[{"@type":"ListItem","position":1,"name":"Co p\u0159inese Laver Cup","item":"https:\/\/www.alurex.cz\/co-prinese-laver-cup\/#breadcrumbitem"}]}]