[{"@context":"https:\/\/schema.org\/","@type":"Article","@id":"https:\/\/www.alurex.cz\/bydleni-v-privesu-jako-zivotni-styl\/#Article","mainEntityOfPage":"https:\/\/www.alurex.cz\/bydleni-v-privesu-jako-zivotni-styl\/","headline":"Bydlen\u00ed v p\u0159\u00edv\u011bsu jako \u017eivotn\u00ed styl","name":"Bydlen\u00ed v p\u0159\u00edv\u011bsu jako \u017eivotn\u00ed styl","description":"Mo\u017en\u00e1 u\u017e jste sly\u0161eli o t\u011bch zvl\u00e1\u0161tn\u00edch lidech, kte\u0159\u00ed m\u00edsto toho, aby budovali pevn\u00e9 rodinn\u00e9 z\u00e1zem\u00ed a zvelebovali si d\u016fm se zahradou, v\u0161echno prodaj\u00ed a po\u0159\u00edd\u00ed si obytn\u00fd karavan. Tento ...","datePublished":"2023-04-28","dateModified":"2023-04-28","author":{"@type":"Person","@id":"https:\/\/www.alurex.cz\/author\/devene\/#Person","name":"alurex.cz","url":"https:\/\/www.alurex.cz\/author\/devene\/","identifier":1,"image":{"@type":"ImageObject","@id":"https:\/\/secure.gravatar.com\/avatar\/c3c8c755425dd2471c09c708679d7ce7419edeb32b4db4bfbe1377eb9462fa49?s=96&d=mm&r=g","url":"https:\/\/secure.gravatar.com\/avatar\/c3c8c755425dd2471c09c708679d7ce7419edeb32b4db4bfbe1377eb9462fa49?s=96&d=mm&r=g","height":96,"width":96}},"publisher":{"@type":"Organization","name":"alurex.cz","logo":{"@type":"ImageObject","@id":"\/logo.png","url":"\/logo.png","width":600,"height":60}},"url":"https:\/\/www.alurex.cz\/bydleni-v-privesu-jako-zivotni-styl\/","about":["Bydlen\u00ed"],"wordCount":391,"articleBody":"Mo\u017en\u00e1 u\u017e jste sly\u0161eli o t\u011bch zvl\u00e1\u0161tn\u00edch lidech, kte\u0159\u00ed m\u00edsto toho, aby budovali pevn\u00e9 rodinn\u00e9 z\u00e1zem\u00ed a zvelebovali si d\u016fm se zahradou, v\u0161echno prodaj\u00ed a po\u0159\u00edd\u00ed si obytn\u00fd karavan. Tento zp\u016fsob \u017eivota je zat\u00edm popul\u00e1rn\u00ed sp\u00ed\u0161e v Americe, ale pomalu se s n\u00edm m\u016f\u017eeme setkat i v Evrop\u011b. Pro\u010d je tento zp\u016fsob bydlen\u00ed st\u00e1le obl\u00edben\u011bj\u0161\u00ed?\u00a0\u2022\u00a0\u00a0\u00a0 Tento styl bydlen\u00ed praktikuj\u00ed sp\u00ed\u0161e star\u0161\u00ed lid\u00e9, kte\u0159\u00ed u\u017e nemaj\u00ed \u017e\u00e1dn\u00e9 z\u00e1vazky. T\u00edm, \u017ee si po\u0159\u00edd\u00ed karavan si mohou splnit sv\u016fj celo\u017eivotn\u00ed sen a cestovat.\u2022\u00a0\u00a0\u00a0 Pom\u011brn\u011b snadn\u00e1 manipulace s karavanem l\u00e1k\u00e1 lidi, kte\u0159\u00ed se necht\u011bj\u00ed v\u00e1zat na jedno m\u00edsto, ale vyzkou\u0161et si \u017eivot ve v\u00edcero m\u011bstech \u010di zem\u00edch. D\u00edky karavanu se nemus\u00ed stresovat hled\u00e1n\u00edm pron\u00e1jmu, nebo st\u011bhov\u00e1n\u00edm.\u2022\u00a0\u00a0\u00a0 Takov\u00e9 bydlen\u00ed vyhled\u00e1vaj\u00ed t\u00e9\u017e lid\u00e9 hledaj\u00edc\u00ed alternativu k dne\u0161n\u00edmu konzumn\u00edmu \u017eivotu, a kte\u0159\u00ed d\u00e1vaj\u00ed p\u0159ednost svobod\u011b p\u0159ed komfortem a luxusem.\u2022\u00a0\u00a0\u00a0 Bydlen\u00ed v karavanu vyhled\u00e1vaj\u00ed i lid\u00e9, kte\u0159\u00ed jsou ve finan\u010dn\u00ed t\u00edsni a nemohou si dovolit platit p\u0159\u00edli\u0161 mnoho pen\u011bz za n\u00e1jem a energie.\u00a0Pokud do n\u011bkter\u00e9 z t\u011bchto skupin spad\u00e1te i Vy, mo\u017en\u00e1 by byl \u017eivot v karavanu vhodn\u00fd i pro V\u00e1s a Va\u0161i rodinu, obzvl\u00e1\u0161t\u011b nejste-li pracovn\u011b p\u0159\u00edmo v\u00e1z\u00e1ni na jedno m\u00edsto. Jednodu\u0161e byste zvedli kotvu v\u017edy, kdy\u017e by V\u00e1s okoln\u00ed prost\u0159ed\u00ed omrzelo, nebo byste cht\u011bli popojet za hezk\u00fdm a tepl\u00fdm po\u010das\u00edm. \u017divot v karavanu nav\u00edc neznamen\u00e1, \u017ee se mus\u00edte sv\u00e9ho star\u00e9ho bydlen\u00ed zbavovat. Naopak bude lep\u0161\u00ed, aspo\u0148 pro za\u010d\u00e1tek, m\u00edt se kam vr\u00e1tit, kdy\u017e v\u0161e nep\u016fjde podle pl\u00e1nu.\u00a0Zaujalo V\u00e1s bydlen\u00ed v karavanu? Sta\u010d\u00ed si po\u0159\u00eddit karavan spr\u00e1vn\u00e9 velikosti, abyste m\u011bli dost m\u00edsta jak pro sebe, tak v\u011bci, bez kter\u00fdch se neobejdete, ud\u011blat jej aspo\u0148 do jist\u00e9 m\u00edry energeticky sob\u011bsta\u010dn\u00fdm, (pokud si tedy nepo\u0159\u00edd\u00edte ten nejluxusn\u011bj\u0161\u00ed, ve kter\u00e9m si budete p\u0159ipadat jako v opravdov\u00e9m dom\u011b) a vyrazit za dobrodru\u017estv\u00edm.                                                                                                                                                                                                                                                                                                                                                                                        3.5\/5 - (10 votes)        "},{"@context":"https:\/\/schema.org\/","@type":"BreadcrumbList","itemListElement":[{"@type":"ListItem","position":1,"name":"Bydlen\u00ed v p\u0159\u00edv\u011bsu jako \u017eivotn\u00ed styl","item":"https:\/\/www.alurex.cz\/bydleni-v-privesu-jako-zivotni-styl\/#breadcrumbitem"}]}]